{"id":62163,"date":"2026-04-20T16:42:13","date_gmt":"2026-04-20T20:42:13","guid":{"rendered":"https:\/\/www.teletrans.com\/?p=62163"},"modified":"2026-09-05T18:11:55","modified_gmt":"2026-09-05T22:11:55","slug":"transporte-privado-princesa-de-asturias-ciudad-de-mexico","status":"publish","type":"post","link":"https:\/\/www.teletrans.com\/es\/transporte-privado-princesa-de-asturias-ciudad-de-mexico\/","title":{"rendered":"Transporte privado Princesa de Asturias"},"content":{"rendered":"<h2>Transporte privado Princesa de Asturias<\/h2>\n<p>20 de abril de 2026 &#8211; Con mucho orgullo informamos que fuimos contratados para transportar a la Princesa de Asturias, con motivo de una visita diplom\u00e1tica. El evento se desarroll\u00f3 por casi 2 semanas en la Ciudad de M\u00e9xico y alrededores. Los requerimientos en esta ocasi\u00f3n fueron servicios de disposici\u00f3n y traslados aeropuerto; se contrataron 2 Suburban lujo y 1 Sprinter Mercedes Benz lujo.<\/p>\n<p>Teletrans fue seleccionado para garantizar traslados fluidos durante toda la visita. Desde la coordinaci\u00f3n de los traslados de aeropuerto hasta mantener la comodidad y presentaci\u00f3n de las Suburban y la Mercedes Benz Sprinter, cada detalle fue planificado y ejecutado con atenci\u00f3n.<\/p>\n<p>Nuestros servicios incluyeron transporte entre actividades oficiales y puntos de inter\u00e9s de la Ciudad de M\u00e9xico, destacando nuestra capacidad de ofrecer horarios flexibles y rutas eficientes. La atenci\u00f3n personalizada durante cada trayecto permiti\u00f3 a la delegaci\u00f3n concentrarse en la agenda de la visita sin preocupaciones por la log\u00edstica o la gesti\u00f3n del tiempo.<\/p>\n<p>Para este evento, Teletrans trabaj\u00f3 estrechamente con el equipo organizador para adaptarse a cualquier cambio de \u00faltima hora, reflejando el compromiso del equipo con un servicio preciso y eficiente. Ya sea traslad\u00e1ndose entre el aeropuerto, el hotel o los recintos oficiales, nos aseguramos de que cada trayecto reflejara profesionalismo, seguridad y comodidad.<\/p>\n<p>Si usted desea m\u00e1s informaci\u00f3n sobre nuestras soluciones de transporte privado para eventos, o si desea coordinar la log\u00edstica para su pr\u00f3ximo evento importante, no dude en contactarnos. Nuestro equipo est\u00e1 listo para ofrecer servicios de transporte que se ajusten a sus necesidades espec\u00edficas y garanticen una experiencia fluida para todos los participantes.<\/p>\n\n\t\t<style>\n\t\t\t#gallery-1 {\n\t\t\t\tmargin: auto;\n\t\t\t}\n\t\t\t#gallery-1 .gallery-item {\n\t\t\t\tfloat: left;\n\t\t\t\tmargin-top: 10px;\n\t\t\t\ttext-align: center;\n\t\t\t\twidth: 25%;\n\t\t\t}\n\t\t\t#gallery-1 img {\n\t\t\t\tborder: 2px solid #cfcfcf;\n\t\t\t}\n\t\t\t#gallery-1 .gallery-caption {\n\t\t\t\tmargin-left: 0;\n\t\t\t}\n\t\t\t\/* see gallery_shortcode() in wp-includes\/media.php *\/\n\t\t<\/style>\n\t\t<div id='gallery-1' class='gallery galleryid-62163 gallery-columns-4 gallery-size-full'><dl class='gallery-item'>\n\t\t\t<dt class='gallery-icon portrait'>\n\t\t\t\t<a href='https:\/\/www.teletrans.com\/wp-content\/uploads\/2026\/04\/Imagen1.jpg'><img loading=\"lazy\" decoding=\"async\" width=\"1200\" height=\"1600\" src=\"https:\/\/www.teletrans.com\/wp-content\/uploads\/2026\/04\/Imagen1.jpg\" class=\"attachment-full size-full\" alt=\"\" srcset=\"https:\/\/www.teletrans.com\/wp-content\/uploads\/2026\/04\/Imagen1.jpg 1200w, https:\/\/www.teletrans.com\/wp-content\/uploads\/2026\/04\/Imagen1-225x300.jpg 225w, https:\/\/www.teletrans.com\/wp-content\/uploads\/2026\/04\/Imagen1-768x1024.jpg 768w, https:\/\/www.teletrans.com\/wp-content\/uploads\/2026\/04\/Imagen1-1152x1536.jpg 1152w\" sizes=\"auto, (max-width: 1200px) 100vw, 1200px\" \/><\/a>\n\t\t\t<\/dt><\/dl><dl class='gallery-item'>\n\t\t\t<dt class='gallery-icon portrait'>\n\t\t\t\t<a href='https:\/\/www.teletrans.com\/wp-content\/uploads\/2026\/04\/Imagen2.jpg'><img loading=\"lazy\" decoding=\"async\" width=\"1200\" height=\"1600\" src=\"https:\/\/www.teletrans.com\/wp-content\/uploads\/2026\/04\/Imagen2.jpg\" class=\"attachment-full size-full\" alt=\"\" srcset=\"https:\/\/www.teletrans.com\/wp-content\/uploads\/2026\/04\/Imagen2.jpg 1200w, https:\/\/www.teletrans.com\/wp-content\/uploads\/2026\/04\/Imagen2-225x300.jpg 225w, https:\/\/www.teletrans.com\/wp-content\/uploads\/2026\/04\/Imagen2-768x1024.jpg 768w, https:\/\/www.teletrans.com\/wp-content\/uploads\/2026\/04\/Imagen2-1152x1536.jpg 1152w\" sizes=\"auto, (max-width: 1200px) 100vw, 1200px\" \/><\/a>\n\t\t\t<\/dt><\/dl><dl class='gallery-item'>\n\t\t\t<dt class='gallery-icon portrait'>\n\t\t\t\t<a href='https:\/\/www.teletrans.com\/wp-content\/uploads\/2026\/04\/Imagen3.jpg'><img loading=\"lazy\" decoding=\"async\" width=\"1200\" height=\"1600\" src=\"https:\/\/www.teletrans.com\/wp-content\/uploads\/2026\/04\/Imagen3.jpg\" class=\"attachment-full size-full\" alt=\"\" srcset=\"https:\/\/www.teletrans.com\/wp-content\/uploads\/2026\/04\/Imagen3.jpg 1200w, https:\/\/www.teletrans.com\/wp-content\/uploads\/2026\/04\/Imagen3-225x300.jpg 225w, https:\/\/www.teletrans.com\/wp-content\/uploads\/2026\/04\/Imagen3-768x1024.jpg 768w, https:\/\/www.teletrans.com\/wp-content\/uploads\/2026\/04\/Imagen3-1152x1536.jpg 1152w\" sizes=\"auto, (max-width: 1200px) 100vw, 1200px\" \/><\/a>\n\t\t\t<\/dt><\/dl><dl class='gallery-item'>\n\t\t\t<dt class='gallery-icon portrait'>\n\t\t\t\t<a href='https:\/\/www.teletrans.com\/wp-content\/uploads\/2026\/04\/Imagen4.jpg'><img loading=\"lazy\" decoding=\"async\" width=\"1200\" height=\"1600\" src=\"https:\/\/www.teletrans.com\/wp-content\/uploads\/2026\/04\/Imagen4.jpg\" class=\"attachment-full size-full\" alt=\"\" srcset=\"https:\/\/www.teletrans.com\/wp-content\/uploads\/2026\/04\/Imagen4.jpg 1200w, https:\/\/www.teletrans.com\/wp-content\/uploads\/2026\/04\/Imagen4-225x300.jpg 225w, https:\/\/www.teletrans.com\/wp-content\/uploads\/2026\/04\/Imagen4-768x1024.jpg 768w, https:\/\/www.teletrans.com\/wp-content\/uploads\/2026\/04\/Imagen4-1152x1536.jpg 1152w\" sizes=\"auto, (max-width: 1200px) 100vw, 1200px\" \/><\/a>\n\t\t\t<\/dt><\/dl><br style=\"clear: both\" \/><dl class='gallery-item'>\n\t\t\t<dt class='gallery-icon portrait'>\n\t\t\t\t<a href='https:\/\/www.teletrans.com\/wp-content\/uploads\/2026\/04\/Imagen5.jpg'><img loading=\"lazy\" decoding=\"async\" width=\"1200\" height=\"1600\" src=\"https:\/\/www.teletrans.com\/wp-content\/uploads\/2026\/04\/Imagen5.jpg\" class=\"attachment-full size-full\" alt=\"\" srcset=\"https:\/\/www.teletrans.com\/wp-content\/uploads\/2026\/04\/Imagen5.jpg 1200w, https:\/\/www.teletrans.com\/wp-content\/uploads\/2026\/04\/Imagen5-225x300.jpg 225w, https:\/\/www.teletrans.com\/wp-content\/uploads\/2026\/04\/Imagen5-768x1024.jpg 768w, https:\/\/www.teletrans.com\/wp-content\/uploads\/2026\/04\/Imagen5-1152x1536.jpg 1152w\" sizes=\"auto, (max-width: 1200px) 100vw, 1200px\" \/><\/a>\n\t\t\t<\/dt><\/dl><dl class='gallery-item'>\n\t\t\t<dt class='gallery-icon portrait'>\n\t\t\t\t<a href='https:\/\/www.teletrans.com\/wp-content\/uploads\/2026\/04\/Imagen6.jpg'><img loading=\"lazy\" decoding=\"async\" width=\"1200\" height=\"1600\" src=\"https:\/\/www.teletrans.com\/wp-content\/uploads\/2026\/04\/Imagen6.jpg\" class=\"attachment-full size-full\" alt=\"\" srcset=\"https:\/\/www.teletrans.com\/wp-content\/uploads\/2026\/04\/Imagen6.jpg 1200w, https:\/\/www.teletrans.com\/wp-content\/uploads\/2026\/04\/Imagen6-225x300.jpg 225w, https:\/\/www.teletrans.com\/wp-content\/uploads\/2026\/04\/Imagen6-768x1024.jpg 768w, https:\/\/www.teletrans.com\/wp-content\/uploads\/2026\/04\/Imagen6-1152x1536.jpg 1152w\" sizes=\"auto, (max-width: 1200px) 100vw, 1200px\" \/><\/a>\n\t\t\t<\/dt><\/dl><dl class='gallery-item'>\n\t\t\t<dt class='gallery-icon portrait'>\n\t\t\t\t<a href='https:\/\/www.teletrans.com\/wp-content\/uploads\/2026\/04\/Imagen7.jpg'><img loading=\"lazy\" decoding=\"async\" width=\"1200\" height=\"1600\" src=\"https:\/\/www.teletrans.com\/wp-content\/uploads\/2026\/04\/Imagen7.jpg\" class=\"attachment-full size-full\" alt=\"\" srcset=\"https:\/\/www.teletrans.com\/wp-content\/uploads\/2026\/04\/Imagen7.jpg 1200w, https:\/\/www.teletrans.com\/wp-content\/uploads\/2026\/04\/Imagen7-225x300.jpg 225w, https:\/\/www.teletrans.com\/wp-content\/uploads\/2026\/04\/Imagen7-768x1024.jpg 768w, https:\/\/www.teletrans.com\/wp-content\/uploads\/2026\/04\/Imagen7-1152x1536.jpg 1152w\" sizes=\"auto, (max-width: 1200px) 100vw, 1200px\" \/><\/a>\n\t\t\t<\/dt><\/dl>\n\t\t\t<br style='clear: both' \/>\n\t\t<\/div>\n\n","protected":false},"excerpt":{"rendered":"<p>Transporte privado Princesa de Asturias 20 de abril de 2026 &#8211; Con mucho orgullo informamos que fuimos contratados para transportar a la Princesa de Asturias, con motivo de una visita diplom\u00e1tica. El evento se desarroll\u00f3 por casi 2 semanas en la Ciudad de M\u00e9xico y alrededores. Los requerimientos en esta ocasi\u00f3n fueron servicios de disposici\u00f3n<\/p>\n","protected":false},"author":4,"featured_media":62164,"comment_status":"closed","ping_status":"closed","sticky":false,"template":"","format":"standard","meta":{"_acf_changed":false,"footnotes":""},"categories":[265],"tags":[],"class_list":["post-62163","post","type-post","status-publish","format-standard","has-post-thumbnail","hentry","category-sin-categorizar"],"acf":[],"yoast_head":"<!-- This site is optimized with the Yoast SEO plugin v28.4 - https:\/\/yoast.com\/product\/yoast-seo-wordpress\/ -->\n<title>Transporte privado Princesa de Asturias - Teletrans<\/title>\n<meta name=\"description\" content=\"Transporte privado Princesa de Asturias. Coordinamos el transporte para todos sus eventos. Asistencia 24 horas.\" \/>\n<meta name=\"robots\" content=\"index, follow, max-snippet:-1, max-image-preview:large, max-video-preview:-1\" \/>\n<meta property=\"og:locale\" content=\"es_ES\" \/>\n<meta property=\"og:type\" content=\"article\" \/>\n<meta property=\"og:title\" content=\"Transporte privado Princesa de Asturias - Teletrans\" \/>\n<meta property=\"og:description\" content=\"Transporte privado Princesa de Asturias. Coordinamos el transporte para todos sus eventos. Asistencia 24 horas.\" \/>\n<meta property=\"og:url\" content=\"https:\/\/www.teletrans.com\/es\/transporte-privado-princesa-de-asturias-ciudad-de-mexico\/\" \/>\n<meta property=\"og:site_name\" content=\"Teletrans\" \/>\n<meta property=\"article:publisher\" content=\"https:\/\/www.facebook.com\/profile.php?id=100034999581270\" \/>\n<meta property=\"article:published_time\" content=\"2026-04-20T20:42:13+00:00\" \/>\n<meta property=\"article:modified_time\" content=\"2026-09-05T22:11:55+00:00\" \/>\n<meta property=\"og:image\" content=\"http:\/\/www.teletrans.com\/wp-content\/uploads\/2026\/09\/Imagen3-2.jpg\" \/>\n\t<meta property=\"og:image:width\" content=\"1200\" \/>\n\t<meta property=\"og:image:height\" content=\"1600\" \/>\n\t<meta property=\"og:image:type\" content=\"image\/jpeg\" \/>\n<meta name=\"author\" content=\"Johans Samsing\" \/>\n<meta name=\"twitter:card\" content=\"summary_large_image\" \/>\n<meta name=\"twitter:creator\" content=\"@jsamsing@searchlab360.com\" \/>\n<meta name=\"twitter:site\" content=\"@TeletransChile\" \/>\n<meta name=\"twitter:label1\" content=\"Escrito por\" \/>\n\t<meta name=\"twitter:data1\" content=\"Johans Samsing\" \/>\n\t<meta name=\"twitter:label2\" content=\"Tiempo de lectura\" \/>\n\t<meta name=\"twitter:data2\" content=\"2 minutos\" \/>\n<script type=\"application\/ld+json\" class=\"yoast-schema-graph\">{\"@context\":\"https:\\\/\\\/schema.org\",\"@graph\":[{\"@type\":\"Article\",\"@id\":\"https:\\\/\\\/www.teletrans.com\\\/es\\\/transporte-privado-princesa-de-asturias-ciudad-de-mexico\\\/#article\",\"isPartOf\":{\"@id\":\"https:\\\/\\\/www.teletrans.com\\\/es\\\/transporte-privado-princesa-de-asturias-ciudad-de-mexico\\\/\"},\"author\":{\"name\":\"Johans Samsing\",\"@id\":\"https:\\\/\\\/www.teletrans.com\\\/es\\\/#\\\/schema\\\/person\\\/b03b3bc1a73a2d3e2dc7501c2f9c4704\"},\"headline\":\"Transporte privado Princesa de Asturias\",\"datePublished\":\"2026-04-20T20:42:13+00:00\",\"dateModified\":\"2026-09-05T22:11:55+00:00\",\"mainEntityOfPage\":{\"@id\":\"https:\\\/\\\/www.teletrans.com\\\/es\\\/transporte-privado-princesa-de-asturias-ciudad-de-mexico\\\/\"},\"wordCount\":294,\"image\":{\"@id\":\"https:\\\/\\\/www.teletrans.com\\\/es\\\/transporte-privado-princesa-de-asturias-ciudad-de-mexico\\\/#primaryimage\"},\"thumbnailUrl\":\"https:\\\/\\\/www.teletrans.com\\\/wp-content\\\/uploads\\\/2026\\\/09\\\/Imagen3-2.jpg\",\"articleSection\":[\"Sin categorizar\"],\"inLanguage\":\"es\"},{\"@type\":\"WebPage\",\"@id\":\"https:\\\/\\\/www.teletrans.com\\\/es\\\/transporte-privado-princesa-de-asturias-ciudad-de-mexico\\\/\",\"url\":\"https:\\\/\\\/www.teletrans.com\\\/es\\\/transporte-privado-princesa-de-asturias-ciudad-de-mexico\\\/\",\"name\":\"Transporte privado Princesa de Asturias - Teletrans\",\"isPartOf\":{\"@id\":\"https:\\\/\\\/www.teletrans.com\\\/es\\\/#website\"},\"primaryImageOfPage\":{\"@id\":\"https:\\\/\\\/www.teletrans.com\\\/es\\\/transporte-privado-princesa-de-asturias-ciudad-de-mexico\\\/#primaryimage\"},\"image\":{\"@id\":\"https:\\\/\\\/www.teletrans.com\\\/es\\\/transporte-privado-princesa-de-asturias-ciudad-de-mexico\\\/#primaryimage\"},\"thumbnailUrl\":\"https:\\\/\\\/www.teletrans.com\\\/wp-content\\\/uploads\\\/2026\\\/09\\\/Imagen3-2.jpg\",\"datePublished\":\"2026-04-20T20:42:13+00:00\",\"dateModified\":\"2026-09-05T22:11:55+00:00\",\"author\":{\"@id\":\"https:\\\/\\\/www.teletrans.com\\\/es\\\/#\\\/schema\\\/person\\\/b03b3bc1a73a2d3e2dc7501c2f9c4704\"},\"description\":\"Transporte privado Princesa de Asturias. Coordinamos el transporte para todos sus eventos. Asistencia 24 horas.\",\"breadcrumb\":{\"@id\":\"https:\\\/\\\/www.teletrans.com\\\/es\\\/transporte-privado-princesa-de-asturias-ciudad-de-mexico\\\/#breadcrumb\"},\"inLanguage\":\"es\",\"potentialAction\":[{\"@type\":\"ReadAction\",\"target\":[\"https:\\\/\\\/www.teletrans.com\\\/es\\\/transporte-privado-princesa-de-asturias-ciudad-de-mexico\\\/\"]}]},{\"@type\":\"ImageObject\",\"inLanguage\":\"es\",\"@id\":\"https:\\\/\\\/www.teletrans.com\\\/es\\\/transporte-privado-princesa-de-asturias-ciudad-de-mexico\\\/#primaryimage\",\"url\":\"https:\\\/\\\/www.teletrans.com\\\/wp-content\\\/uploads\\\/2026\\\/09\\\/Imagen3-2.jpg\",\"contentUrl\":\"https:\\\/\\\/www.teletrans.com\\\/wp-content\\\/uploads\\\/2026\\\/09\\\/Imagen3-2.jpg\",\"width\":1200,\"height\":1600},{\"@type\":\"BreadcrumbList\",\"@id\":\"https:\\\/\\\/www.teletrans.com\\\/es\\\/transporte-privado-princesa-de-asturias-ciudad-de-mexico\\\/#breadcrumb\",\"itemListElement\":[{\"@type\":\"ListItem\",\"position\":1,\"name\":\"Portada\",\"item\":\"https:\\\/\\\/www.teletrans.com\\\/es\\\/\"},{\"@type\":\"ListItem\",\"position\":2,\"name\":\"Transporte privado Princesa de Asturias\"}]},{\"@type\":\"WebSite\",\"@id\":\"https:\\\/\\\/www.teletrans.com\\\/es\\\/#website\",\"url\":\"https:\\\/\\\/www.teletrans.com\\\/es\\\/\",\"name\":\"Teletrans\",\"description\":\"\",\"potentialAction\":[{\"@type\":\"SearchAction\",\"target\":{\"@type\":\"EntryPoint\",\"urlTemplate\":\"https:\\\/\\\/www.teletrans.com\\\/es\\\/?s={search_term_string}\"},\"query-input\":{\"@type\":\"PropertyValueSpecification\",\"valueRequired\":true,\"valueName\":\"search_term_string\"}}],\"inLanguage\":\"es\"},{\"@type\":\"Person\",\"@id\":\"https:\\\/\\\/www.teletrans.com\\\/es\\\/#\\\/schema\\\/person\\\/b03b3bc1a73a2d3e2dc7501c2f9c4704\",\"name\":\"Johans Samsing\",\"image\":{\"@type\":\"ImageObject\",\"inLanguage\":\"es\",\"@id\":\"https:\\\/\\\/secure.gravatar.com\\\/avatar\\\/0c410b85a4d7b95c431ee3d5cf4d3c65ef31700323c532137aefc7ca71378282?s=96&d=mm&r=g\",\"url\":\"https:\\\/\\\/secure.gravatar.com\\\/avatar\\\/0c410b85a4d7b95c431ee3d5cf4d3c65ef31700323c532137aefc7ca71378282?s=96&d=mm&r=g\",\"contentUrl\":\"https:\\\/\\\/secure.gravatar.com\\\/avatar\\\/0c410b85a4d7b95c431ee3d5cf4d3c65ef31700323c532137aefc7ca71378282?s=96&d=mm&r=g\",\"caption\":\"Johans Samsing\"},\"sameAs\":[\"https:\\\/\\\/searchlab360.com\\\/\",\"https:\\\/\\\/x.com\\\/jsamsing@searchlab360.com\"],\"url\":\"https:\\\/\\\/www.teletrans.com\\\/es\\\/author\\\/jsamsing\\\/\"}]}<\/script>\n<!-- \/ Yoast SEO plugin. -->","yoast_head_json":{"title":"Transporte privado Princesa de Asturias - Teletrans","description":"Transporte privado Princesa de Asturias. Coordinamos el transporte para todos sus eventos. Asistencia 24 horas.","robots":{"index":"index","follow":"follow","max-snippet":"max-snippet:-1","max-image-preview":"max-image-preview:large","max-video-preview":"max-video-preview:-1"},"og_locale":"es_ES","og_type":"article","og_title":"Transporte privado Princesa de Asturias - Teletrans","og_description":"Transporte privado Princesa de Asturias. Coordinamos el transporte para todos sus eventos. Asistencia 24 horas.","og_url":"https:\/\/www.teletrans.com\/es\/transporte-privado-princesa-de-asturias-ciudad-de-mexico\/","og_site_name":"Teletrans","article_publisher":"https:\/\/www.facebook.com\/profile.php?id=100034999581270","article_published_time":"2026-04-20T20:42:13+00:00","article_modified_time":"2026-09-05T22:11:55+00:00","og_image":[{"width":1200,"height":1600,"url":"http:\/\/www.teletrans.com\/wp-content\/uploads\/2026\/09\/Imagen3-2.jpg","type":"image\/jpeg"}],"author":"Johans Samsing","twitter_card":"summary_large_image","twitter_creator":"@jsamsing@searchlab360.com","twitter_site":"@TeletransChile","twitter_misc":{"Escrito por":"Johans Samsing","Tiempo de lectura":"2 minutos"},"schema":{"@context":"https:\/\/schema.org","@graph":[{"@type":"Article","@id":"https:\/\/www.teletrans.com\/es\/transporte-privado-princesa-de-asturias-ciudad-de-mexico\/#article","isPartOf":{"@id":"https:\/\/www.teletrans.com\/es\/transporte-privado-princesa-de-asturias-ciudad-de-mexico\/"},"author":{"name":"Johans Samsing","@id":"https:\/\/www.teletrans.com\/es\/#\/schema\/person\/b03b3bc1a73a2d3e2dc7501c2f9c4704"},"headline":"Transporte privado Princesa de Asturias","datePublished":"2026-04-20T20:42:13+00:00","dateModified":"2026-09-05T22:11:55+00:00","mainEntityOfPage":{"@id":"https:\/\/www.teletrans.com\/es\/transporte-privado-princesa-de-asturias-ciudad-de-mexico\/"},"wordCount":294,"image":{"@id":"https:\/\/www.teletrans.com\/es\/transporte-privado-princesa-de-asturias-ciudad-de-mexico\/#primaryimage"},"thumbnailUrl":"https:\/\/www.teletrans.com\/wp-content\/uploads\/2026\/09\/Imagen3-2.jpg","articleSection":["Sin categorizar"],"inLanguage":"es"},{"@type":"WebPage","@id":"https:\/\/www.teletrans.com\/es\/transporte-privado-princesa-de-asturias-ciudad-de-mexico\/","url":"https:\/\/www.teletrans.com\/es\/transporte-privado-princesa-de-asturias-ciudad-de-mexico\/","name":"Transporte privado Princesa de Asturias - Teletrans","isPartOf":{"@id":"https:\/\/www.teletrans.com\/es\/#website"},"primaryImageOfPage":{"@id":"https:\/\/www.teletrans.com\/es\/transporte-privado-princesa-de-asturias-ciudad-de-mexico\/#primaryimage"},"image":{"@id":"https:\/\/www.teletrans.com\/es\/transporte-privado-princesa-de-asturias-ciudad-de-mexico\/#primaryimage"},"thumbnailUrl":"https:\/\/www.teletrans.com\/wp-content\/uploads\/2026\/09\/Imagen3-2.jpg","datePublished":"2026-04-20T20:42:13+00:00","dateModified":"2026-09-05T22:11:55+00:00","author":{"@id":"https:\/\/www.teletrans.com\/es\/#\/schema\/person\/b03b3bc1a73a2d3e2dc7501c2f9c4704"},"description":"Transporte privado Princesa de Asturias. Coordinamos el transporte para todos sus eventos. Asistencia 24 horas.","breadcrumb":{"@id":"https:\/\/www.teletrans.com\/es\/transporte-privado-princesa-de-asturias-ciudad-de-mexico\/#breadcrumb"},"inLanguage":"es","potentialAction":[{"@type":"ReadAction","target":["https:\/\/www.teletrans.com\/es\/transporte-privado-princesa-de-asturias-ciudad-de-mexico\/"]}]},{"@type":"ImageObject","inLanguage":"es","@id":"https:\/\/www.teletrans.com\/es\/transporte-privado-princesa-de-asturias-ciudad-de-mexico\/#primaryimage","url":"https:\/\/www.teletrans.com\/wp-content\/uploads\/2026\/09\/Imagen3-2.jpg","contentUrl":"https:\/\/www.teletrans.com\/wp-content\/uploads\/2026\/09\/Imagen3-2.jpg","width":1200,"height":1600},{"@type":"BreadcrumbList","@id":"https:\/\/www.teletrans.com\/es\/transporte-privado-princesa-de-asturias-ciudad-de-mexico\/#breadcrumb","itemListElement":[{"@type":"ListItem","position":1,"name":"Portada","item":"https:\/\/www.teletrans.com\/es\/"},{"@type":"ListItem","position":2,"name":"Transporte privado Princesa de Asturias"}]},{"@type":"WebSite","@id":"https:\/\/www.teletrans.com\/es\/#website","url":"https:\/\/www.teletrans.com\/es\/","name":"Teletrans","description":"","potentialAction":[{"@type":"SearchAction","target":{"@type":"EntryPoint","urlTemplate":"https:\/\/www.teletrans.com\/es\/?s={search_term_string}"},"query-input":{"@type":"PropertyValueSpecification","valueRequired":true,"valueName":"search_term_string"}}],"inLanguage":"es"},{"@type":"Person","@id":"https:\/\/www.teletrans.com\/es\/#\/schema\/person\/b03b3bc1a73a2d3e2dc7501c2f9c4704","name":"Johans Samsing","image":{"@type":"ImageObject","inLanguage":"es","@id":"https:\/\/secure.gravatar.com\/avatar\/0c410b85a4d7b95c431ee3d5cf4d3c65ef31700323c532137aefc7ca71378282?s=96&d=mm&r=g","url":"https:\/\/secure.gravatar.com\/avatar\/0c410b85a4d7b95c431ee3d5cf4d3c65ef31700323c532137aefc7ca71378282?s=96&d=mm&r=g","contentUrl":"https:\/\/secure.gravatar.com\/avatar\/0c410b85a4d7b95c431ee3d5cf4d3c65ef31700323c532137aefc7ca71378282?s=96&d=mm&r=g","caption":"Johans Samsing"},"sameAs":["https:\/\/searchlab360.com\/","https:\/\/x.com\/jsamsing@searchlab360.com"],"url":"https:\/\/www.teletrans.com\/es\/author\/jsamsing\/"}]}},"_links":{"self":[{"href":"https:\/\/www.teletrans.com\/es\/wp-json\/wp\/v2\/posts\/62163","targetHints":{"allow":["GET"]}}],"collection":[{"href":"https:\/\/www.teletrans.com\/es\/wp-json\/wp\/v2\/posts"}],"about":[{"href":"https:\/\/www.teletrans.com\/es\/wp-json\/wp\/v2\/types\/post"}],"author":[{"embeddable":true,"href":"https:\/\/www.teletrans.com\/es\/wp-json\/wp\/v2\/users\/4"}],"replies":[{"embeddable":true,"href":"https:\/\/www.teletrans.com\/es\/wp-json\/wp\/v2\/comments?post=62163"}],"version-history":[{"count":4,"href":"https:\/\/www.teletrans.com\/es\/wp-json\/wp\/v2\/posts\/62163\/revisions"}],"predecessor-version":[{"id":62175,"href":"https:\/\/www.teletrans.com\/es\/wp-json\/wp\/v2\/posts\/62163\/revisions\/62175"}],"wp:featuredmedia":[{"embeddable":true,"href":"https:\/\/www.teletrans.com\/es\/wp-json\/wp\/v2\/media\/62164"}],"wp:attachment":[{"href":"https:\/\/www.teletrans.com\/es\/wp-json\/wp\/v2\/media?parent=62163"}],"wp:term":[{"taxonomy":"category","embeddable":true,"href":"https:\/\/www.teletrans.com\/es\/wp-json\/wp\/v2\/categories?post=62163"},{"taxonomy":"post_tag","embeddable":true,"href":"https:\/\/www.teletrans.com\/es\/wp-json\/wp\/v2\/tags?post=62163"}],"curies":[{"name":"wp","href":"https:\/\/api.w.org\/{rel}","templated":true}]}}